{"id":852,"date":"2018-06-13T15:04:30","date_gmt":"2018-06-13T13:04:30","guid":{"rendered":"http:\/\/www.hof-bienen.de\/?p=852"},"modified":"2018-07-06T10:35:02","modified_gmt":"2018-07-06T08:35:02","slug":"juni-2018","status":"publish","type":"post","link":"https:\/\/www.hof-bienen.de\/?p=852","title":{"rendered":"Juni 2018"},"content":{"rendered":"<p>Der Juni stand im Zeichen des Honigschleuderns \ud83d\ude42<br \/>\nEs wurde alle V\u00f6lker der Honig stibitzt und entsprechend geschleudert. Der Wassergehalt schwankte zwischen 17 und 18%<br \/>\nEine weitere Besonderheit dieses Jahr, es gab dieses Jahr keinen Raps. Anscheinend hat die Trockenheit im Juni dazu gef\u00fchrt, das der Raps und andere Pflanzen keinen oder kaum Nektar produziert haben.<\/p>\n<p>&nbsp;<\/p>\n<p>Dieses Jahr habe ich es endlich mal geschafft zu einer Belegstelle zu fahren.<br \/>\nIch habe mir 11 unbegattete K\u00f6niginnen gekaut, die am Dienstag den 19 wohlbehalten mit der Post kamen.<br \/>\nAm Mittwoch Abend habe ich dann in die MiniPlus mit Bienen bef\u00fcllt<br \/>\nDaf\u00fcr habe ich die Bienen von 6 Honigr\u00e4umen in eine gro\u00dfe Wanne abgekehrt und angefeuchtet, und mit einer Art Sch\u00f6pfkelle in die MiniPlus gef\u00fcllt.<br \/>\nDie MiniPlus hatte ich mit 5 R\u00e4hmchen, davon eine Futter. und eine Wasserwabe bef\u00fcllt, der Rest waren nur Mittelw\u00e4nde. In der Futtertasche habe ich ca. 500 g Futterteig geparkt.<br \/>\nNachdem bef\u00fcllen ging es mit den MiniPlis heim, wo ich nach einer stunde Ruhe die K\u00f6niginnen \u00fcber das Flugloch in die MiniPlus hab zulaufen lassen. Danach waren 3 Tage Kellerhaft angesagt, und jeden Abend habe ich sie von unten leicht befeuchtet<br \/>\nAm Samstag morgen ging es dann in die Rh\u00f6n. Dort angekommen wurden wir erstmal mit einem Kaffee und S\u00fc\u00dfzeug in der heimischen K\u00fcche des Belegstellenleiters in Empfang genommen und die Formalit\u00e4ten wurden gekl\u00e4rt (Gesundheitszeugnis, Belegstellengeb\u00fchr, Anmeldung)<br \/>\nUm 10 Uhr ging es dann zur Belegstelle, welche eigentlich recht unspektakul\u00e4r ist, siehe Bilder<br \/>\nAm 07 July werde ich die Damen dann wieder abholen und dann sehen wir ob alles so gelaufen ist, wie ich hoffe. \ud83d\ude42<\/p>\n<p>&nbsp;<\/p>\n<figure id=\"attachment_853\" aria-describedby=\"caption-attachment-853\" style=\"width: 300px\" class=\"wp-caption alignnone\"><a href=\"https:\/\/www.hof-bienen.de\/wp-content\/uploads\/2018\/06\/miniplus_galerie.jpg\"><img loading=\"lazy\" decoding=\"async\" class=\"wp-image-853 size-medium\" src=\"https:\/\/www.hof-bienen.de\/wp-content\/uploads\/2018\/06\/miniplus_galerie-300x225.jpg\" alt=\"\" width=\"300\" height=\"225\" srcset=\"https:\/\/www.hof-bienen.de\/wp-content\/uploads\/2018\/06\/miniplus_galerie-300x225.jpg 300w, https:\/\/www.hof-bienen.de\/wp-content\/uploads\/2018\/06\/miniplus_galerie-768x576.jpg 768w, https:\/\/www.hof-bienen.de\/wp-content\/uploads\/2018\/06\/miniplus_galerie-1024x768.jpg 1024w, https:\/\/www.hof-bienen.de\/wp-content\/uploads\/2018\/06\/miniplus_galerie.jpg 1599w\" sizes=\"auto, (max-width: 300px) 100vw, 300px\" \/><\/a><figcaption id=\"caption-attachment-853\" class=\"wp-caption-text\">MiniPlus Galerie<\/figcaption><\/figure>\n<p>&nbsp;<\/p>\n<figure id=\"attachment_867\" aria-describedby=\"caption-attachment-867\" style=\"width: 300px\" class=\"wp-caption alignleft\"><a href=\"https:\/\/www.hof-bienen.de\/wp-content\/uploads\/2018\/06\/IMG-20180619-WA0061.jpg\"><img loading=\"lazy\" decoding=\"async\" class=\"size-medium wp-image-867\" src=\"https:\/\/www.hof-bienen.de\/wp-content\/uploads\/2018\/06\/IMG-20180619-WA0061-300x225.jpg\" alt=\"\" width=\"300\" height=\"225\" srcset=\"https:\/\/www.hof-bienen.de\/wp-content\/uploads\/2018\/06\/IMG-20180619-WA0061-300x225.jpg 300w, https:\/\/www.hof-bienen.de\/wp-content\/uploads\/2018\/06\/IMG-20180619-WA0061-768x576.jpg 768w, https:\/\/www.hof-bienen.de\/wp-content\/uploads\/2018\/06\/IMG-20180619-WA0061-1024x768.jpg 1024w, https:\/\/www.hof-bienen.de\/wp-content\/uploads\/2018\/06\/IMG-20180619-WA0061.jpg 1230w\" sizes=\"auto, (max-width: 300px) 100vw, 300px\" \/><\/a><figcaption id=\"caption-attachment-867\" class=\"wp-caption-text\">Die K\u00f6niginnen sind bei mir mit der Post angekommen<\/figcaption><\/figure>\n<p>&nbsp;<\/p>\n<p>&nbsp;<\/p>\n<figure id=\"attachment_868\" aria-describedby=\"caption-attachment-868\" style=\"width: 300px\" class=\"wp-caption alignnone\"><a href=\"https:\/\/www.hof-bienen.de\/wp-content\/uploads\/2018\/06\/IMG-20180621-WA0017.jpg\"><img loading=\"lazy\" decoding=\"async\" class=\"size-medium wp-image-868\" src=\"https:\/\/www.hof-bienen.de\/wp-content\/uploads\/2018\/06\/IMG-20180621-WA0017-300x225.jpg\" alt=\"\" width=\"300\" height=\"225\" srcset=\"https:\/\/www.hof-bienen.de\/wp-content\/uploads\/2018\/06\/IMG-20180621-WA0017-300x225.jpg 300w, https:\/\/www.hof-bienen.de\/wp-content\/uploads\/2018\/06\/IMG-20180621-WA0017-768x576.jpg 768w, https:\/\/www.hof-bienen.de\/wp-content\/uploads\/2018\/06\/IMG-20180621-WA0017-1024x768.jpg 1024w, https:\/\/www.hof-bienen.de\/wp-content\/uploads\/2018\/06\/IMG-20180621-WA0017.jpg 1165w\" sizes=\"auto, (max-width: 300px) 100vw, 300px\" \/><\/a><figcaption id=\"caption-attachment-868\" class=\"wp-caption-text\">Die Bienen werden in die Minis gef\u00fcllt<\/figcaption><\/figure>\n<p>&nbsp;<\/p>\n<figure id=\"attachment_866\" aria-describedby=\"caption-attachment-866\" style=\"width: 300px\" class=\"wp-caption alignnone\"><a href=\"https:\/\/www.hof-bienen.de\/wp-content\/uploads\/2018\/06\/IMG_20180620_223507546.jpg\"><img loading=\"lazy\" decoding=\"async\" class=\"size-medium wp-image-866\" src=\"https:\/\/www.hof-bienen.de\/wp-content\/uploads\/2018\/06\/IMG_20180620_223507546-300x225.jpg\" alt=\"\" width=\"300\" height=\"225\" srcset=\"https:\/\/www.hof-bienen.de\/wp-content\/uploads\/2018\/06\/IMG_20180620_223507546-300x225.jpg 300w, https:\/\/www.hof-bienen.de\/wp-content\/uploads\/2018\/06\/IMG_20180620_223507546-768x576.jpg 768w, https:\/\/www.hof-bienen.de\/wp-content\/uploads\/2018\/06\/IMG_20180620_223507546-1024x768.jpg 1024w, https:\/\/www.hof-bienen.de\/wp-content\/uploads\/2018\/06\/IMG_20180620_223507546.jpg 1289w\" sizes=\"auto, (max-width: 300px) 100vw, 300px\" \/><\/a><figcaption id=\"caption-attachment-866\" class=\"wp-caption-text\">&#8222;Kellerhaft&#8220;<\/figcaption><\/figure>\n<div class=\"mceTemp\">\n<p><a href=\"https:\/\/www.hof-bienen.de\/wp-content\/uploads\/2018\/06\/IMG-20180625-WA0003.jpg\"><img loading=\"lazy\" decoding=\"async\" class=\"size-medium wp-image-869\" src=\"https:\/\/www.hof-bienen.de\/wp-content\/uploads\/2018\/06\/IMG-20180625-WA0003-225x300.jpg\" alt=\"\" width=\"225\" height=\"300\" srcset=\"https:\/\/www.hof-bienen.de\/wp-content\/uploads\/2018\/06\/IMG-20180625-WA0003-225x300.jpg 225w, https:\/\/www.hof-bienen.de\/wp-content\/uploads\/2018\/06\/IMG-20180625-WA0003.jpg 656w\" sizes=\"auto, (max-width: 225px) 100vw, 225px\" \/><\/a><\/p>\n<p><a href=\"https:\/\/www.hof-bienen.de\/wp-content\/uploads\/2018\/06\/Belegstelle_Rhoen_\u00dcbersicht.jpg\"><img loading=\"lazy\" decoding=\"async\" class=\"alignnone size-medium wp-image-865\" src=\"https:\/\/www.hof-bienen.de\/wp-content\/uploads\/2018\/06\/Belegstelle_Rhoen_\u00dcbersicht-300x225.jpg\" alt=\"\" width=\"300\" height=\"225\" srcset=\"https:\/\/www.hof-bienen.de\/wp-content\/uploads\/2018\/06\/Belegstelle_Rhoen_\u00dcbersicht-300x225.jpg 300w, https:\/\/www.hof-bienen.de\/wp-content\/uploads\/2018\/06\/Belegstelle_Rhoen_\u00dcbersicht-768x576.jpg 768w, https:\/\/www.hof-bienen.de\/wp-content\/uploads\/2018\/06\/Belegstelle_Rhoen_\u00dcbersicht-1024x768.jpg 1024w, https:\/\/www.hof-bienen.de\/wp-content\/uploads\/2018\/06\/Belegstelle_Rhoen_\u00dcbersicht.jpg 1223w\" sizes=\"auto, (max-width: 300px) 100vw, 300px\" \/><\/a><\/p>\n<p>&nbsp;<\/p>\n<figure id=\"attachment_864\" aria-describedby=\"caption-attachment-864\" style=\"width: 300px\" class=\"wp-caption alignnone\"><a href=\"https:\/\/www.hof-bienen.de\/wp-content\/uploads\/2018\/06\/Belegstelle_Rhoen.jpg\"><img loading=\"lazy\" decoding=\"async\" class=\"size-medium wp-image-864\" src=\"https:\/\/www.hof-bienen.de\/wp-content\/uploads\/2018\/06\/Belegstelle_Rhoen-300x225.jpg\" alt=\"\" width=\"300\" height=\"225\" srcset=\"https:\/\/www.hof-bienen.de\/wp-content\/uploads\/2018\/06\/Belegstelle_Rhoen-300x225.jpg 300w, https:\/\/www.hof-bienen.de\/wp-content\/uploads\/2018\/06\/Belegstelle_Rhoen-768x576.jpg 768w, https:\/\/www.hof-bienen.de\/wp-content\/uploads\/2018\/06\/Belegstelle_Rhoen-1024x768.jpg 1024w, https:\/\/www.hof-bienen.de\/wp-content\/uploads\/2018\/06\/Belegstelle_Rhoen.jpg 1288w\" sizes=\"auto, (max-width: 300px) 100vw, 300px\" \/><\/a><figcaption id=\"caption-attachment-864\" class=\"wp-caption-text\">Die Minis auf der Belegstelle Rh\u00f6n<\/figcaption><\/figure>\n<\/div>\n","protected":false},"excerpt":{"rendered":"<p>Der Juni stand im Zeichen des Honigschleuderns \ud83d\ude42 Es wurde alle V\u00f6lker der Honig stibitzt und entsprechend geschleudert. Der Wassergehalt schwankte zwischen 17 und 18% Eine weitere Besonderheit dieses Jahr, es gab dieses Jahr keinen Raps. Anscheinend hat die Trockenheit im Juni dazu gef\u00fchrt, das der Raps und andere Pflanzen keinen oder kaum Nektar produziert [&hellip;]<\/p>\n","protected":false},"author":1,"featured_media":0,"comment_status":"open","ping_status":"open","sticky":false,"template":"","format":"standard","meta":{"footnotes":""},"categories":[15],"tags":[],"class_list":["post-852","post","type-post","status-publish","format-standard","hentry","category-15"],"_links":{"self":[{"href":"https:\/\/www.hof-bienen.de\/index.php?rest_route=\/wp\/v2\/posts\/852","targetHints":{"allow":["GET"]}}],"collection":[{"href":"https:\/\/www.hof-bienen.de\/index.php?rest_route=\/wp\/v2\/posts"}],"about":[{"href":"https:\/\/www.hof-bienen.de\/index.php?rest_route=\/wp\/v2\/types\/post"}],"author":[{"embeddable":true,"href":"https:\/\/www.hof-bienen.de\/index.php?rest_route=\/wp\/v2\/users\/1"}],"replies":[{"embeddable":true,"href":"https:\/\/www.hof-bienen.de\/index.php?rest_route=%2Fwp%2Fv2%2Fcomments&post=852"}],"version-history":[{"count":12,"href":"https:\/\/www.hof-bienen.de\/index.php?rest_route=\/wp\/v2\/posts\/852\/revisions"}],"predecessor-version":[{"id":878,"href":"https:\/\/www.hof-bienen.de\/index.php?rest_route=\/wp\/v2\/posts\/852\/revisions\/878"}],"wp:attachment":[{"href":"https:\/\/www.hof-bienen.de\/index.php?rest_route=%2Fwp%2Fv2%2Fmedia&parent=852"}],"wp:term":[{"taxonomy":"category","embeddable":true,"href":"https:\/\/www.hof-bienen.de\/index.php?rest_route=%2Fwp%2Fv2%2Fcategories&post=852"},{"taxonomy":"post_tag","embeddable":true,"href":"https:\/\/www.hof-bienen.de\/index.php?rest_route=%2Fwp%2Fv2%2Ftags&post=852"}],"curies":[{"name":"wp","href":"https:\/\/api.w.org\/{rel}","templated":true}]}}